{"id":184,"date":"2008-07-23T07:47:00","date_gmt":"2008-07-23T06:47:00","guid":{"rendered":"http:\/\/senchadesign.com\/blog\/?p=184"},"modified":"2008-07-23T07:47:00","modified_gmt":"2008-07-23T06:47:00","slug":"madinspain08","status":"publish","type":"post","link":"https:\/\/senchadesign.com\/blog\/2008\/07\/23\/madinspain08\/","title":{"rendered":"MadinSpain&#8217;08"},"content":{"rendered":"<p>Reservaos los d\u00edas 12 y 13 de septiembre. No pod\u00e9is faltar al <a href=\"http:\/\/www.madinspain.com\/\" target=\"_blank\">MadinSpain&#8217;08<\/a>, el evento internacional de dise\u00f1o que todos est\u00e1bamos esperando.<\/p>\n<div align=\"center\"><a href=\"http:\/\/www.flickr.com\/photos\/8937622@N08\/2694486947\/\" title=\"madinspain por Sencha Design, en Flickr\" target=\"_blank\"><img loading=\"lazy\" src=\"http:\/\/farm4.static.flickr.com\/3074\/2694486947_baab55d634_o.jpg\" width=\"410\" height=\"304\" alt=\"madinspain\" \/><\/a><br \/><em>Imagen: Sencha<\/em><\/div>\n<p>En su tercera edici\u00f3n, los chicos de <a href=\"http:\/\/www.domestika.org\" target=\"_blank\">Domestika <\/a>han hecho posible que los mejores profesionales del sector vengan a contarnos sus cosillas. En esta ocasi\u00f3n estar\u00e1n presentes Alberto Coraz\u00f3n, FarFar, Lamosca, Spin y el fant\u00e1stico Joshua Davis, entre muchos m\u00e1s.<\/p>\n<p>Desde Sencha os recomendamos que os pas\u00e9is, merece la pena.<\/p>\n<iframe src=\"http:\/\/www.facebook.com\/plugins\/like.php?href=https%3A%2F%2Fsenchadesign.com%2Fblog%2F2008%2F07%2F23%2Fmadinspain08%2F&amp;layout=standard&amp;show_faces=true&amp;width=450&amp;action=like&amp;colorscheme=light&amp;height=80\" scrolling=\"no\" frameborder=\"0\" style=\"border:none; overflow:hidden; width:450px; height:30px;\" allowTransparency=\"true\"><\/iframe>","protected":false},"excerpt":{"rendered":"<p>Reservaos los d\u00edas 12 y 13 de septiembre. No pod\u00e9is faltar al MadinSpain&#8217;08, el evento internacional de dise\u00f1o que todos est\u00e1bamos esperando. Imagen: Sencha En su tercera edici\u00f3n, los chicos de Domestika han hecho posible que los mejores profesionales del sector vengan a contarnos sus cosillas. En esta ocasi\u00f3n estar\u00e1n presentes Alberto Coraz\u00f3n, FarFar, Lamosca, [&hellip;]<\/p>\n","protected":false},"author":1,"featured_media":0,"comment_status":"open","ping_status":"open","sticky":false,"template":"","format":"standard","meta":[],"categories":[16,5],"tags":[],"_links":{"self":[{"href":"https:\/\/senchadesign.com\/blog\/wp-json\/wp\/v2\/posts\/184"}],"collection":[{"href":"https:\/\/senchadesign.com\/blog\/wp-json\/wp\/v2\/posts"}],"about":[{"href":"https:\/\/senchadesign.com\/blog\/wp-json\/wp\/v2\/types\/post"}],"author":[{"embeddable":true,"href":"https:\/\/senchadesign.com\/blog\/wp-json\/wp\/v2\/users\/1"}],"replies":[{"embeddable":true,"href":"https:\/\/senchadesign.com\/blog\/wp-json\/wp\/v2\/comments?post=184"}],"version-history":[{"count":0,"href":"https:\/\/senchadesign.com\/blog\/wp-json\/wp\/v2\/posts\/184\/revisions"}],"wp:attachment":[{"href":"https:\/\/senchadesign.com\/blog\/wp-json\/wp\/v2\/media?parent=184"}],"wp:term":[{"taxonomy":"category","embeddable":true,"href":"https:\/\/senchadesign.com\/blog\/wp-json\/wp\/v2\/categories?post=184"},{"taxonomy":"post_tag","embeddable":true,"href":"https:\/\/senchadesign.com\/blog\/wp-json\/wp\/v2\/tags?post=184"}],"curies":[{"name":"wp","href":"https:\/\/api.w.org\/{rel}","templated":true}]}}